{"id":122,"date":"2018-08-20T20:38:25","date_gmt":"2018-08-20T20:38:25","guid":{"rendered":"http:\/\/jornadas.cse.udelar.edu.uy\/?p=122"},"modified":"2019-07-30T03:59:14","modified_gmt":"2019-07-30T01:59:14","slug":"20-de-agosto-2018-conferencia-abierta-la-educacion-superior-en-america-latina-a-cien-anos-de-la-reforma-universitaria","status":"publish","type":"post","link":"https:\/\/www.cse.udelar.edu.uy\/jornadas\/2018\/08\/20\/20-de-agosto-2018-conferencia-abierta-la-educacion-superior-en-america-latina-a-cien-anos-de-la-reforma-universitaria\/","title":{"rendered":"20 de agosto 2018 | Conferencia abierta: La educaci\u00f3n superior en Am\u00e9rica Latina a cien a\u00f1os de la Reforma Universitaria"},"content":{"rendered":"<div class=\"fusion-fullwidth fullwidth-box fusion-builder-row-1 nonhundred-percent-fullwidth non-hundred-percent-height-scrolling\" style=\"background-color: rgba(255,255,255,0);background-position: center center;background-repeat: no-repeat;padding-top:0px;padding-right:0px;padding-bottom:0px;padding-left:0px;margin-bottom: 0px;margin-top: 0px;border-width: 0px 0px 0px 0px;border-color:#eae9e9;border-style:solid;\" ><div class=\"fusion-builder-row fusion-row\"><div class=\"fusion-layout-column fusion_builder_column fusion-builder-column-0 fusion_builder_column_1_1 1_1 fusion-one-full fusion-column-first fusion-column-last\" style=\"margin-top:0px;margin-bottom:0px;\"><div class=\"fusion-column-wrapper fusion-flex-column-wrapper-legacy\" style=\"background-position:left top;background-repeat:no-repeat;-webkit-background-size:cover;-moz-background-size:cover;-o-background-size:cover;background-size:cover;padding: 0px 0px 0px 0px;\"><div class=\"fusion-text fusion-text-1\"><p><strong> Dia y hora del evento:<\/strong> 20 agosto 18hs en sal\u00f3n actos IPES (Asilo 3255 Montevideo)<\/p>\n<p>En el marco del lanzamiento de la quinta edici\u00f3n de la <em>Maestr\u00eda en Ense\u00f1anza Universitaria (MEU)<\/em>, la Comisi\u00f3n Sectorial de Ense\u00f1anza y el \u00c1rea Social y Art\u00edstica (Udelar), y el Consejo de Formaci\u00f3n en Educaci\u00f3n (ANEP) tienen el agrado de invitarlo a participar de la Mesa de Apertura y de la Conferencia Abierta <em>\u00abLa educaci\u00f3n superior en Am\u00e9rica Latina a cien a\u00f1os de la Reforma de C\u00f3rdoba\u00bb<\/em> a cargo del Prof. Eduardo Rinesi.<\/p>\n<p><img loading=\"lazy\" class=\" wp-image-157 alignleft\" src=\"http:\/\/www.cse.udelar.edu.uy\/jornadas\/wp-content\/uploads\/sites\/4\/2018\/07\/mg_5930_1.jpg\" alt=\"\" width=\"303\" height=\"183\" \/><strong>Eduardo Rinesi<\/strong><\/p>\n<p>Doctor en Filosof\u00eda por la Universidad de San Pablo (USP); Master en Ciencias Sociales por la Facultad Latinoamericana de Ciencias Sociales (FLACSO), Buenos Aires; Licenciado en Ciencia Pol\u00edtica por la Universidad Nacional de Rosario (UNR).<\/p>\n<\/div><div class=\"fusion-sep-clear\"><\/div><div class=\"fusion-separator fusion-full-width-sep\" style=\"margin-left: auto;margin-right: auto;margin-top:10px;margin-bottom:10px;width:100%;\"><\/div><div class=\"fusion-sep-clear\"><\/div><div class=\"fusion-align-block\"><a class=\"fusion-button button-flat button-large button-orange button-1 fusion-button-span-yes fusion-button-default-type\" target=\"_blank\" rel=\"noopener noreferrer\" href=\"http:\/\/encuestas.cse.udelar.edu.uy\/index.php\/771675?lang=es\"><span class=\"fusion-button-text\">INSCRIPCIONES<\/span><\/a><\/div><div class=\"fusion-clearfix\"><\/div><\/div><\/div><\/div><\/div>\n","protected":false},"excerpt":{"rendered":"","protected":false},"author":2,"featured_media":112,"comment_status":"open","ping_status":"open","sticky":false,"template":"","format":"standard","meta":[],"categories":[5,9],"tags":[],"_links":{"self":[{"href":"https:\/\/www.cse.udelar.edu.uy\/jornadas\/wp-json\/wp\/v2\/posts\/122"}],"collection":[{"href":"https:\/\/www.cse.udelar.edu.uy\/jornadas\/wp-json\/wp\/v2\/posts"}],"about":[{"href":"https:\/\/www.cse.udelar.edu.uy\/jornadas\/wp-json\/wp\/v2\/types\/post"}],"author":[{"embeddable":true,"href":"https:\/\/www.cse.udelar.edu.uy\/jornadas\/wp-json\/wp\/v2\/users\/2"}],"replies":[{"embeddable":true,"href":"https:\/\/www.cse.udelar.edu.uy\/jornadas\/wp-json\/wp\/v2\/comments?post=122"}],"version-history":[{"count":1,"href":"https:\/\/www.cse.udelar.edu.uy\/jornadas\/wp-json\/wp\/v2\/posts\/122\/revisions"}],"predecessor-version":[{"id":23911,"href":"https:\/\/www.cse.udelar.edu.uy\/jornadas\/wp-json\/wp\/v2\/posts\/122\/revisions\/23911"}],"wp:featuredmedia":[{"embeddable":true,"href":"https:\/\/www.cse.udelar.edu.uy\/jornadas\/wp-json\/wp\/v2\/media\/112"}],"wp:attachment":[{"href":"https:\/\/www.cse.udelar.edu.uy\/jornadas\/wp-json\/wp\/v2\/media?parent=122"}],"wp:term":[{"taxonomy":"category","embeddable":true,"href":"https:\/\/www.cse.udelar.edu.uy\/jornadas\/wp-json\/wp\/v2\/categories?post=122"},{"taxonomy":"post_tag","embeddable":true,"href":"https:\/\/www.cse.udelar.edu.uy\/jornadas\/wp-json\/wp\/v2\/tags?post=122"}],"curies":[{"name":"wp","href":"https:\/\/api.w.org\/{rel}","templated":true}]}}