{"id":202,"date":"2018-11-05T17:06:26","date_gmt":"2018-11-05T17:06:26","guid":{"rendered":"http:\/\/jornadas.cse.udelar.edu.uy\/?p=202"},"modified":"2019-07-30T03:58:30","modified_gmt":"2019-07-30T01:58:30","slug":"el-5-de-noviembre-se-inaugurara-la-muestra-fotografica-la-universidad-entre-dos-siglos-25-anos-de-la-comision-sectorial-de-ensenanza-udelar","status":"publish","type":"post","link":"https:\/\/www.cse.udelar.edu.uy\/jornadas\/2018\/11\/05\/el-5-de-noviembre-se-inaugurara-la-muestra-fotografica-la-universidad-entre-dos-siglos-25-anos-de-la-comision-sectorial-de-ensenanza-udelar\/","title":{"rendered":"5 de noviembre 2018 | Muestra fotogr\u00e1fica \u201cLa Universidad entre dos siglos: 25 a\u00f1os de la Comisi\u00f3n Sectorial de Ense\u00f1anza (Udelar)\u201d"},"content":{"rendered":"<div class=\"fusion-fullwidth fullwidth-box fusion-builder-row-1 nonhundred-percent-fullwidth non-hundred-percent-height-scrolling\" style=\"background-color: rgba(255,255,255,0);background-position: center center;background-repeat: no-repeat;padding-top:0px;padding-right:0px;padding-bottom:0px;padding-left:0px;margin-bottom: 0px;margin-top: 0px;border-width: 0px 0px 0px 0px;border-color:#eae9e9;border-style:solid;\" ><div class=\"fusion-builder-row fusion-row\"><div class=\"fusion-layout-column fusion_builder_column fusion-builder-column-0 fusion_builder_column_1_1 1_1 fusion-one-full fusion-column-first fusion-column-last\" style=\"margin-top:0px;margin-bottom:0px;\"><div class=\"fusion-column-wrapper fusion-flex-column-wrapper-legacy\" style=\"background-position:left top;background-repeat:no-repeat;-webkit-background-size:cover;-moz-background-size:cover;-o-background-size:cover;background-size:cover;padding: 0px 0px 0px 0px;\"><div class=\"fusion-image-carousel fusion-image-carousel-auto fusion-carousel-border\"><div class=\"fusion-carousel\" data-autoplay=\"yes\" data-columns=\"4\" data-itemmargin=\"13\" data-itemwidth=\"180\" data-touchscroll=\"no\" data-imagesize=\"auto\"><div class=\"fusion-carousel-positioner\"><ul class=\"fusion-carousel-holder\"><li class=\"fusion-carousel-item\"><div class=\"fusion-carousel-item-wrapper\"><div class=\"fusion-image-wrapper hover-type-none\"><img src=\"http:\/\/www.cse.udelar.edu.uy\/wp-content\/uploads\/2018\/10\/WhatsApp-Image-2018-11-06-at-15.02.32.jpeg\" alt=\"\"\/><\/div><\/div><\/li><li class=\"fusion-carousel-item\"><div class=\"fusion-carousel-item-wrapper\"><div class=\"fusion-image-wrapper hover-type-none\"><img src=\"http:\/\/www.cse.udelar.edu.uy\/wp-content\/uploads\/2018\/10\/WhatsApp-Image-2018-11-06-at-15.02.33.jpeg\" alt=\"\"\/><\/div><\/div><\/li><li class=\"fusion-carousel-item\"><div class=\"fusion-carousel-item-wrapper\"><div class=\"fusion-image-wrapper hover-type-none\"><img src=\"http:\/\/www.cse.udelar.edu.uy\/wp-content\/uploads\/2018\/10\/WhatsApp-Image-2018-11-06-at-15.02.36.jpeg\" alt=\"\"\/><\/div><\/div><\/li><li class=\"fusion-carousel-item\"><div class=\"fusion-carousel-item-wrapper\"><div class=\"fusion-image-wrapper hover-type-none\"><img src=\"http:\/\/www.cse.udelar.edu.uy\/wp-content\/uploads\/2018\/10\/WhatsApp-Image-2018-11-06-at-15.02.37.jpeg\" alt=\"\"\/><\/div><\/div><\/li><li class=\"fusion-carousel-item\"><div class=\"fusion-carousel-item-wrapper\"><div class=\"fusion-image-wrapper hover-type-none\"><img src=\"http:\/\/www.cse.udelar.edu.uy\/wp-content\/uploads\/2018\/10\/WhatsApp-Image-2018-11-06-at-15.02.38.jpeg\" alt=\"\"\/><\/div><\/div><\/li><li class=\"fusion-carousel-item\"><div class=\"fusion-carousel-item-wrapper\"><div class=\"fusion-image-wrapper hover-type-none\"><img src=\"http:\/\/www.cse.udelar.edu.uy\/wp-content\/uploads\/2018\/10\/WhatsApp-Image-2018-11-06-at-15.02.381.jpeg\" alt=\"\"\/><\/div><\/div><\/li><li class=\"fusion-carousel-item\"><div class=\"fusion-carousel-item-wrapper\"><div class=\"fusion-image-wrapper hover-type-none\"><img src=\"http:\/\/www.cse.udelar.edu.uy\/wp-content\/uploads\/2018\/10\/WhatsApp-Image-2018-11-06-at-15.02.39.jpeg\" alt=\"\"\/><\/div><\/div><\/li><li class=\"fusion-carousel-item\"><div class=\"fusion-carousel-item-wrapper\"><div class=\"fusion-image-wrapper hover-type-none\"><img src=\"http:\/\/www.cse.udelar.edu.uy\/wp-content\/uploads\/2018\/10\/WhatsApp-Image-2018-11-06-at-15.02.40.jpeg\" alt=\"\"\/><\/div><\/div><\/li><li class=\"fusion-carousel-item\"><div class=\"fusion-carousel-item-wrapper\"><div class=\"fusion-image-wrapper hover-type-none\"><img src=\"http:\/\/www.cse.udelar.edu.uy\/wp-content\/uploads\/2018\/10\/WhatsApp-Image-2018-11-06-at-15.02.41.jpeg\" alt=\"\"\/><\/div><\/div><\/li><li class=\"fusion-carousel-item\"><div class=\"fusion-carousel-item-wrapper\"><div class=\"fusion-image-wrapper hover-type-none\"><img src=\"http:\/\/www.cse.udelar.edu.uy\/wp-content\/uploads\/2018\/10\/WhatsApp-Image-2018-11-06-at-15.02.411.jpeg\" alt=\"\"\/><\/div><\/div><\/li><\/ul><div class=\"fusion-carousel-nav\"><span class=\"fusion-nav-prev\"><\/span><span class=\"fusion-nav-next\"><\/span><\/div><\/div><\/div><\/div><div class=\"fusion-text fusion-text-1\"><p>En el marco de las celebraciones por el aniversario de la Comisi\u00f3n Sectorial de Ense\u00f1anza (CSE) de la Universidad de la Rep\u00fablica (Udelar), se inagurar\u00f3 la muestra fotogr\u00e1fica <i>La Universidad entre dos siglos: 25 a\u00f1os de la Comisi\u00f3n Sectorial de Ense\u00f1anza (Udelar)<\/i> co-realizada con el Centro de Fotograf\u00eda de Montevideo (CdF).<\/p>\n<p>Entre la vuelta a la democracia en el siglo XX y los albores del XXI, la Udelar llev\u00f3 a cabo un proceso de transformaci\u00f3n institucional solo parangonable con su etapa fundacional.<\/p>\n<p>El cambio radical de su fisonom\u00eda humana y edilicia, as\u00ed como la profundizaci\u00f3n y recreaci\u00f3n permanente de sus v\u00ednculos con la sociedad, implic\u00f3 el acuerdo de pol\u00edticas de desarrollo estrat\u00e9gico. Para ello se cre\u00f3 en 1993 la <i>Comisi\u00f3n Sectorial de Ense\u00f1anza<\/i>, que tiene bajo su responsabilidad la coordinaci\u00f3n, est\u00edmulo y desarrollo de la actividad de ense\u00f1anza de grado.<\/p>\n<p>Han sido protagonistas de esta construcci\u00f3n m\u00faltiples actores universitarios, comunitarios y sociales de todo el pa\u00eds, as\u00ed como las sucesivas administraciones rectorales que condujeron la Universidad desde el retorno a la democracia. Este esfuerzo colectivo ha llevado a consolidar un camino certero de democratizaci\u00f3n de la educaci\u00f3n superior a nivel nacional y a retomar la senda de renovaci\u00f3n pedag\u00f3gica en la formaci\u00f3n de profesionales y acad\u00e9micos. Ello nos permitir\u00e1 afrontar los desaf\u00edos e incertidumbres de esta nueva era.<\/p>\n<p>La inauguraci\u00f3n de la muestra se realiz\u00f3 en la Fotogaler\u00eda a cielo abierto de la Plaza Cagancha el 5 de noviembre a las 19:00 horas y cont\u00f3 con la presencia de autoridades universitarias, autoridades del CdF, docentes, estudiantes y p\u00fablico general. La parte musical estuvo a cargo de <i>Grupos Sonantes<\/i> de la Escuela Universitaria de M\u00fasica de la Udelar.<\/p>\n<p>La muestra fotogr\u00e1fica permanecer\u00e1 abierta hasta el 10 de diciembre de 2018, y es el primero de una serie de eventos de conmemoraci\u00f3n de los 25 a\u00f1os de la CSE.<\/p>\n<p>M\u00e1s informaci\u00f3n sobre las actividades conmemorativas: <a href=\"http:\/\/www.cse.udelar.edu.uy\/2018\/10\/17\/la-comision-sectorial-de-ensenanza-celebra\/\">http:\/\/www.cse.udelar.edu.uy\/2018\/10\/17\/la-comision-sectorial-de-ensenanza-celebra\/<\/a><\/p>\n<\/div><div class=\"fusion-clearfix\"><\/div><\/div><\/div><\/div><\/div>\n","protected":false},"excerpt":{"rendered":"","protected":false},"author":2,"featured_media":203,"comment_status":"open","ping_status":"open","sticky":false,"template":"","format":"standard","meta":[],"categories":[5,9],"tags":[],"_links":{"self":[{"href":"https:\/\/www.cse.udelar.edu.uy\/jornadas\/wp-json\/wp\/v2\/posts\/202"}],"collection":[{"href":"https:\/\/www.cse.udelar.edu.uy\/jornadas\/wp-json\/wp\/v2\/posts"}],"about":[{"href":"https:\/\/www.cse.udelar.edu.uy\/jornadas\/wp-json\/wp\/v2\/types\/post"}],"author":[{"embeddable":true,"href":"https:\/\/www.cse.udelar.edu.uy\/jornadas\/wp-json\/wp\/v2\/users\/2"}],"replies":[{"embeddable":true,"href":"https:\/\/www.cse.udelar.edu.uy\/jornadas\/wp-json\/wp\/v2\/comments?post=202"}],"version-history":[{"count":1,"href":"https:\/\/www.cse.udelar.edu.uy\/jornadas\/wp-json\/wp\/v2\/posts\/202\/revisions"}],"predecessor-version":[{"id":252,"href":"https:\/\/www.cse.udelar.edu.uy\/jornadas\/wp-json\/wp\/v2\/posts\/202\/revisions\/252"}],"wp:featuredmedia":[{"embeddable":true,"href":"https:\/\/www.cse.udelar.edu.uy\/jornadas\/wp-json\/wp\/v2\/media\/203"}],"wp:attachment":[{"href":"https:\/\/www.cse.udelar.edu.uy\/jornadas\/wp-json\/wp\/v2\/media?parent=202"}],"wp:term":[{"taxonomy":"category","embeddable":true,"href":"https:\/\/www.cse.udelar.edu.uy\/jornadas\/wp-json\/wp\/v2\/categories?post=202"},{"taxonomy":"post_tag","embeddable":true,"href":"https:\/\/www.cse.udelar.edu.uy\/jornadas\/wp-json\/wp\/v2\/tags?post=202"}],"curies":[{"name":"wp","href":"https:\/\/api.w.org\/{rel}","templated":true}]}}