{"id":23948,"date":"2019-09-13T19:10:41","date_gmt":"2019-09-13T17:10:41","guid":{"rendered":"https:\/\/www.cse.udelar.edu.uy\/jornadas\/?p=23948"},"modified":"2019-10-16T23:40:11","modified_gmt":"2019-10-16T21:40:11","slug":"tercer-encuentro-de-la-red-uae-2019-2","status":"publish","type":"post","link":"https:\/\/www.cse.udelar.edu.uy\/jornadas\/2019\/09\/13\/tercer-encuentro-de-la-red-uae-2019-2\/","title":{"rendered":"13 de setiembre 2019 | Tercer encuentro de la Red UAE 2019"},"content":{"rendered":"<h3><img loading=\"lazy\" class=\"alignleft size-full wp-image-23947\" src=\"https:\/\/www.cse.udelar.edu.uy\/jornadas\/wp-content\/uploads\/sites\/4\/2019\/05\/Captura-de-Pantalla-2019-09-12-a-las-13.37.56.png\" alt=\"\" width=\"451\" height=\"637\" srcset=\"https:\/\/www.cse.udelar.edu.uy\/jornadas\/wp-content\/uploads\/sites\/4\/2019\/05\/Captura-de-Pantalla-2019-09-12-a-las-13.37.56-200x282.png 200w, https:\/\/www.cse.udelar.edu.uy\/jornadas\/wp-content\/uploads\/sites\/4\/2019\/05\/Captura-de-Pantalla-2019-09-12-a-las-13.37.56-212x300.png 212w, https:\/\/www.cse.udelar.edu.uy\/jornadas\/wp-content\/uploads\/sites\/4\/2019\/05\/Captura-de-Pantalla-2019-09-12-a-las-13.37.56-400x565.png 400w, https:\/\/www.cse.udelar.edu.uy\/jornadas\/wp-content\/uploads\/sites\/4\/2019\/05\/Captura-de-Pantalla-2019-09-12-a-las-13.37.56.png 451w\" sizes=\"(max-width: 451px) 100vw, 451px\" \/><\/h3>\n<h3>Descripci\u00f3n<\/h3>\n<p>El viernes 13 de setiembre se realizar\u00e1 el tercer encuentro de la Red de Unidades de Apoyo a la Ense\u00f1anza (Red UAE) La Red UAE se conforma en el 2011 y participan docentes de todos los servicios universitarios que cuentan con estructuras multidisciplinarias de apoyo a la ense\u00f1anza. Funciona como una red autogestionada que posibilita la discusi\u00f3n y el intercambio en tem\u00e1ticas de inter\u00e9s comunes. Se busca la integraci\u00f3n de estrategias de desarrollo acad\u00e9mico para constituirse en referentes en temas de ense\u00f1anza superior.<\/p>\n<h3>Contenidos<\/h3>\n<p>\u00abEstructura y formas de fortalecimiento de las UAE\u00bb,<br \/>\n-Integraci\u00f3n de las estructuras de apoyo a la ense\u00f1anza<br \/>\n-Funciones y cometidos<br \/>\n-Necesidades y mecanismos de fortalecimiento<br \/>\n-Presupuesto<br \/>\n-Contenidos espec\u00edficos.<br \/>\n-Informe sobre APU y JIES<\/p>\n<h3>Modalidad<\/h3>\n<p>Presencial<\/p>\n<h3>Fecha, horario y lugar<\/h3>\n<p>Viernes 13 de setiembre<br \/>\nCSE Sede Rod\u00f3 1866 (sala A)<br \/>\n14 a 17 hs.<\/p>\n<p>&nbsp;<\/p>\n<p>&nbsp;<\/p>\n<p>&nbsp;<\/p>\n","protected":false},"excerpt":{"rendered":"<p>Descripci\u00f3n El viernes 13 de setiembre se realizar\u00e1 el tercer encuentro de la Red de Unidades de Apoyo a la Ense\u00f1anza (Red UAE) La Red UAE se conforma en el 2011 y participan docentes de todos los servicios universitarios que cuentan con estructuras multidisciplinarias de apoyo a la ense\u00f1anza. Funciona como una red autogestionada que [&hellip;]<\/p>\n","protected":false},"author":2,"featured_media":23949,"comment_status":"open","ping_status":"open","sticky":false,"template":"","format":"standard","meta":[],"categories":[6,9],"tags":[],"_links":{"self":[{"href":"https:\/\/www.cse.udelar.edu.uy\/jornadas\/wp-json\/wp\/v2\/posts\/23948"}],"collection":[{"href":"https:\/\/www.cse.udelar.edu.uy\/jornadas\/wp-json\/wp\/v2\/posts"}],"about":[{"href":"https:\/\/www.cse.udelar.edu.uy\/jornadas\/wp-json\/wp\/v2\/types\/post"}],"author":[{"embeddable":true,"href":"https:\/\/www.cse.udelar.edu.uy\/jornadas\/wp-json\/wp\/v2\/users\/2"}],"replies":[{"embeddable":true,"href":"https:\/\/www.cse.udelar.edu.uy\/jornadas\/wp-json\/wp\/v2\/comments?post=23948"}],"version-history":[{"count":1,"href":"https:\/\/www.cse.udelar.edu.uy\/jornadas\/wp-json\/wp\/v2\/posts\/23948\/revisions"}],"predecessor-version":[{"id":23950,"href":"https:\/\/www.cse.udelar.edu.uy\/jornadas\/wp-json\/wp\/v2\/posts\/23948\/revisions\/23950"}],"wp:featuredmedia":[{"embeddable":true,"href":"https:\/\/www.cse.udelar.edu.uy\/jornadas\/wp-json\/wp\/v2\/media\/23949"}],"wp:attachment":[{"href":"https:\/\/www.cse.udelar.edu.uy\/jornadas\/wp-json\/wp\/v2\/media?parent=23948"}],"wp:term":[{"taxonomy":"category","embeddable":true,"href":"https:\/\/www.cse.udelar.edu.uy\/jornadas\/wp-json\/wp\/v2\/categories?post=23948"},{"taxonomy":"post_tag","embeddable":true,"href":"https:\/\/www.cse.udelar.edu.uy\/jornadas\/wp-json\/wp\/v2\/tags?post=23948"}],"curies":[{"name":"wp","href":"https:\/\/api.w.org\/{rel}","templated":true}]}}